{"id":18953,"date":"2026-04-27T16:10:53","date_gmt":"2026-04-27T15:10:53","guid":{"rendered":"https:\/\/rostosolidario.pt\/?p=18953"},"modified":"2026-08-26T16:18:11","modified_gmt":"2026-08-26T15:18:11","slug":"a-new-face-at-the-helm-of-rosto-solidario","status":"publish","type":"post","link":"https:\/\/rostosolidario.pt\/en\/a-new-face-at-the-helm-of-rosto-solidario\/","title":{"rendered":"A New Face at the Helm of Rosto Solid\u00e1rio"},"content":{"rendered":"<div class=\"elementor-element elementor-element-06654d3 elementor-widget elementor-widget-text-editor\" data-id=\"06654d3\" data-element_type=\"widget\" data-widget_type=\"text-editor.default\">\n<p class=\"PDq2pG_selectionAnchorContainer\" data-start=\"50\" data-end=\"225\">It is with great joy that we announce the appointment of B\u00e1rbara Gomes as the new General Coordinator of Rosto Solid\u00e1rio, a position she has held since March 2026.<\/p>\n<p data-start=\"227\" data-end=\"656\">With 23 years of experience in the third sector, B\u00e1rbara brings extensive expertise in the coordination, management and leadership of social projects at both national and international level. Throughout her career, she has worked in advisory roles to senior management, project leadership and general coordination, combining strategic, administrative and financial management with the coordination of multidisciplinary teams.<\/p>\n<p data-start=\"658\" data-end=\"866\">With a background in Clinical Psychology, she believes in leadership that is close, participatory and deeply people-centred, valuing teams and strengthening social responses with humanity and purpose.<\/p>\n<p data-start=\"868\" data-end=\"1095\">The new General Coordinator takes on this challenge with a deep commitment to Rosto Solid\u00e1rio\u2019s mission: promoting the social and human development of local communities and fostering global and solidarity-based citizenship.<\/p>\n<p data-start=\"1097\" data-end=\"1343\">She also embraces this mission because of her strong connection to the organisation\u2019s values: solidarity, Christian inspiration, inclusion and justice, expressed through the defence of human dignity, the common good and shared responsibility.<\/p>\n<p data-start=\"1345\" data-end=\"1613\">As B\u00e1rbara Gomes explains, she aims to maintain \u201ca coordination approach based on proximity, participation and ethical commitment, through inclusive leadership that values every person, promotes equality and creates safe, collaborative and human working environments.\u201d<\/p>\n<p data-start=\"1615\" data-end=\"1884\">She also brings a distinctive and deeply human dimension, rooted in a passion for strengthening cooperation and teamwork, a commitment to serving others with dignity, and empathetic communication, putting the organisation\u2019s values into practice from the inside out.<\/p>\n<p data-start=\"1886\" data-end=\"1986\">Her arrival marks a new chapter of hope, growth and consolidation for Rosto Solid\u00e1rio\u2019s mission.<\/p>\n<p data-start=\"1988\" data-end=\"2153\">Aligned with the organisation\u2019s leadership strategy, she will continue the work already developed, strengthening proximity, participation and ethical commitment.<\/p>\n<p data-start=\"2155\" data-end=\"2372\">Her vision is to continue supporting and strengthening community development, with particular attention to situations of greater vulnerability, contributing to a fairer, more supportive and more fraternal society.<\/p>\n<p data-start=\"2374\" data-end=\"2495\">Looking ahead, she aims to strengthen the organisation\u2019s sustainability, social innovation and transformative impact.<\/p>\n<p data-start=\"2497\" data-end=\"2692\" data-is-last-node=\"\" data-is-only-node=\"\">Rosto Solid\u00e1rio expresses its deep gratitude to the previous coordination team for its work, dedication and vision, which remain a lasting source of inspiration in the organisation\u2019s journey.<\/p>\n<p data-start=\"2497\" data-end=\"2692\" data-is-last-node=\"\" data-is-only-node=\"\">\n<\/div>\n<!-- AddThis Advanced Settings generic via filter on the_content --><!-- AddThis Share Buttons generic via filter on the_content -->","protected":false},"excerpt":{"rendered":"<p>It is with great joy that we announce the appointment of B\u00e1rbara Gomes as the new General Coordinator of Rosto Solid\u00e1rio, a position she has held since March 2026. With 23 years of experience in the third sector, B\u00e1rbara brings extensive expertise in the coordination, management and leadership of social<\/p>\n<p><a class=\"sd-more sd-all-trans\" href=\"https:\/\/rostosolidario.pt\/en\/a-new-face-at-the-helm-of-rosto-solidario\/#more-18953\">Read More<\/a><\/p>\n<p><!-- AddThis Advanced Settings generic via filter on get_the_excerpt --><!-- AddThis Share Buttons generic via filter on get_the_excerpt --><\/p>\n","protected":false},"author":1,"featured_media":17960,"comment_status":"closed","ping_status":"open","sticky":false,"template":"","format":"standard","meta":{"footnotes":""},"categories":[98,99,100,105,102,103],"tags":[],"class_list":["post-18953","post","type-post","status-publish","format-standard","has-post-thumbnail","hentry","category-cidadania-global-en","category-desenvolvimento-sustentavel-en","category-educacao-en","category-geral-en","category-juventude-en","category-solidariedade-en"],"_links":{"self":[{"href":"https:\/\/rostosolidario.pt\/en\/wp-json\/wp\/v2\/posts\/18953"}],"collection":[{"href":"https:\/\/rostosolidario.pt\/en\/wp-json\/wp\/v2\/posts"}],"about":[{"href":"https:\/\/rostosolidario.pt\/en\/wp-json\/wp\/v2\/types\/post"}],"author":[{"embeddable":true,"href":"https:\/\/rostosolidario.pt\/en\/wp-json\/wp\/v2\/users\/1"}],"replies":[{"embeddable":true,"href":"https:\/\/rostosolidario.pt\/en\/wp-json\/wp\/v2\/comments?post=18953"}],"version-history":[{"count":8,"href":"https:\/\/rostosolidario.pt\/en\/wp-json\/wp\/v2\/posts\/18953\/revisions"}],"predecessor-version":[{"id":18961,"href":"https:\/\/rostosolidario.pt\/en\/wp-json\/wp\/v2\/posts\/18953\/revisions\/18961"}],"wp:featuredmedia":[{"embeddable":true,"href":"https:\/\/rostosolidario.pt\/en\/wp-json\/wp\/v2\/media\/17960"}],"wp:attachment":[{"href":"https:\/\/rostosolidario.pt\/en\/wp-json\/wp\/v2\/media?parent=18953"}],"wp:term":[{"taxonomy":"category","embeddable":true,"href":"https:\/\/rostosolidario.pt\/en\/wp-json\/wp\/v2\/categories?post=18953"},{"taxonomy":"post_tag","embeddable":true,"href":"https:\/\/rostosolidario.pt\/en\/wp-json\/wp\/v2\/tags?post=18953"}],"curies":[{"name":"wp","href":"https:\/\/api.w.org\/{rel}","templated":true}]}}