{"id":18914,"date":"2025-11-12T15:06:04","date_gmt":"2025-11-12T15:06:04","guid":{"rendered":"https:\/\/rostosolidario.pt\/?p=18914"},"modified":"2026-08-26T15:12:44","modified_gmt":"2026-08-26T14:12:44","slug":"another-step-forward-for-the-women-and-life-project","status":"publish","type":"post","link":"https:\/\/rostosolidario.pt\/en\/another-step-forward-for-the-women-and-life-project\/","title":{"rendered":"Another Step Forward for the \u201cWomen and Life\u201d Project"},"content":{"rendered":"<div class=\"elementor-element elementor-element-06654d3 elementor-widget elementor-widget-text-editor\" data-id=\"06654d3\" data-element_type=\"widget\" data-widget_type=\"text-editor.default\">\n<h3 data-section-id=\"1j9gu7j\" data-start=\"116\" data-end=\"203\"><\/h3>\n<\/div>\n<p class=\"PDq2pG_selectionAnchorContainer\" data-start=\"62\" data-end=\"249\">At the end of September, the \u201cWomen and Life\u201d project, promoted by Rosto Solid\u00e1rio, held another training session for women multipliers from the provinces of Luanda and Bengo.<\/p>\n<p data-start=\"251\" data-end=\"418\">The sessions focused on human rights, women\u2019s rights and challenging gender stereotypes, creating a space for reflection and strengthening women\u2019s empowerment.<\/p>\n<p data-start=\"420\" data-end=\"715\">On 8 November, a new meeting was held at the premises of the General Directorate of C\u00e1ritas de Angola, one of the project\u2019s partners, with the aim of planning the community sessions and delivering kits to the multipliers containing the materials from the latest training modules.<\/p>\n<p data-start=\"717\" data-end=\"886\">The kits will be used to facilitate activities between 15 November and 12 December in the dioceses of Luanda, Viana and Caxito, reaching more than 120 women.<\/p>\n<p data-start=\"888\" data-end=\"1060\">The meeting brought together the women who form the group\u2019s core team, as well as the project coordination team, in an atmosphere of sharing, motivation and commitment.<\/p>\n<p data-start=\"1062\" data-end=\"1291\">As part of the celebrations of Dipanda, marking 50 years of Angola\u2019s independence, the occasion also served to celebrate the empowerment of Angolan women, a symbol of resilience, courage and social transformation.<\/p>\n<p data-start=\"1293\" data-end=\"1496\">The project is also implemented in partnership with C\u00e1ritas Portuguesa and Sa\u00fade em Portugu\u00eas, strengthening community-based work and the promotion of gender equality in the regions involved.<\/p>\n<p data-start=\"1498\" data-end=\"1584\" data-is-last-node=\"\" data-is-only-node=\"\">More information about the project is available <span class=\"contents\" data-content-reference-start=\"1546\" data-content-reference-end=\"1598\"><span class=\"\" data-state=\"delayed-open\" aria-describedby=\"radix-_r_i9_\" data-radix-popper-side=\"top\" data-radix-popper-align=\"start\"><a class=\"decorated-link\" href=\"https:\/\/rostosolidario.pt\/mulheres-e-vida?utm_source=chatgpt.com\" target=\"_blank\" rel=\"noopener\" aria-describedby=\"radix-_r_i9_\">here.<\/a><\/span><\/span><\/p>\n\n\t\t<style type=\"text\/css\">\n\t\t\t#gallery-1 {\n\t\t\t\tmargin: auto;\n\t\t\t}\n\t\t\t#gallery-1 .gallery-item {\n\t\t\t\tfloat: left;\n\t\t\t\tmargin-top: 10px;\n\t\t\t\ttext-align: center;\n\t\t\t\twidth: 33%;\n\t\t\t}\n\t\t\t#gallery-1 img {\n\t\t\t\tborder: 2px solid #cfcfcf;\n\t\t\t}\n\t\t\t#gallery-1 .gallery-caption {\n\t\t\t\tmargin-left: 0;\n\t\t\t}\n\t\t\t\/* see gallery_shortcode() in wp-includes\/media.php *\/\n\t\t<\/style>\n\t\t<div id='gallery-1' class='gallery galleryid-18914 gallery-columns-3 gallery-size-large'><dl class='gallery-item'>\n\t\t\t<dt class='gallery-icon landscape'>\n\t\t\t\t<a rel=\"prettyPhoto[flexslider]\" href='https:\/\/rostosolidario.pt\/wp-content\/uploads\/2025\/11\/Caritas-Mulheres-e-Vida-5.jpg'><img loading=\"lazy\" decoding=\"async\" width=\"1024\" height=\"768\" src=\"https:\/\/rostosolidario.pt\/wp-content\/uploads\/2025\/11\/Caritas-Mulheres-e-Vida-5-1024x768.jpg\" class=\"attachment-large size-large\" alt=\"\" srcset=\"https:\/\/rostosolidario.pt\/wp-content\/uploads\/2025\/11\/Caritas-Mulheres-e-Vida-5-1024x768.jpg 1024w, https:\/\/rostosolidario.pt\/wp-content\/uploads\/2025\/11\/Caritas-Mulheres-e-Vida-5-300x225.jpg 300w, https:\/\/rostosolidario.pt\/wp-content\/uploads\/2025\/11\/Caritas-Mulheres-e-Vida-5-768x576.jpg 768w, https:\/\/rostosolidario.pt\/wp-content\/uploads\/2025\/11\/Caritas-Mulheres-e-Vida-5.jpg 1280w\" sizes=\"(max-width: 1024px) 100vw, 1024px\" \/><\/a>\n\t\t\t<\/dt><\/dl><dl class='gallery-item'>\n\t\t\t<dt class='gallery-icon portrait'>\n\t\t\t\t<a rel=\"prettyPhoto[flexslider]\" href='https:\/\/rostosolidario.pt\/wp-content\/uploads\/2025\/11\/Caritas-Mulheres-e-Vida-1-e1762960839709.jpg'><img loading=\"lazy\" decoding=\"async\" width=\"768\" height=\"1024\" src=\"https:\/\/rostosolidario.pt\/wp-content\/uploads\/2025\/11\/Caritas-Mulheres-e-Vida-1-768x1024.jpg\" class=\"attachment-large size-large\" alt=\"\" srcset=\"https:\/\/rostosolidario.pt\/wp-content\/uploads\/2025\/11\/Caritas-Mulheres-e-Vida-1-768x1024.jpg 768w, https:\/\/rostosolidario.pt\/wp-content\/uploads\/2025\/11\/Caritas-Mulheres-e-Vida-1-225x300.jpg 225w, https:\/\/rostosolidario.pt\/wp-content\/uploads\/2025\/11\/Caritas-Mulheres-e-Vida-1.jpg 960w\" sizes=\"(max-width: 768px) 100vw, 768px\" \/><\/a>\n\t\t\t<\/dt><\/dl><dl class='gallery-item'>\n\t\t\t<dt class='gallery-icon portrait'>\n\t\t\t\t<a rel=\"prettyPhoto[flexslider]\" href='https:\/\/rostosolidario.pt\/wp-content\/uploads\/2025\/11\/Caritas-Mulheres-e-Vida-4.jpg'><img loading=\"lazy\" decoding=\"async\" width=\"768\" height=\"1024\" src=\"https:\/\/rostosolidario.pt\/wp-content\/uploads\/2025\/11\/Caritas-Mulheres-e-Vida-4-768x1024.jpg\" class=\"attachment-large size-large\" alt=\"\" srcset=\"https:\/\/rostosolidario.pt\/wp-content\/uploads\/2025\/11\/Caritas-Mulheres-e-Vida-4-768x1024.jpg 768w, https:\/\/rostosolidario.pt\/wp-content\/uploads\/2025\/11\/Caritas-Mulheres-e-Vida-4-225x300.jpg 225w, https:\/\/rostosolidario.pt\/wp-content\/uploads\/2025\/11\/Caritas-Mulheres-e-Vida-4.jpg 960w\" sizes=\"(max-width: 768px) 100vw, 768px\" \/><\/a>\n\t\t\t<\/dt><\/dl><br style=\"clear: both\" \/><dl class='gallery-item'>\n\t\t\t<dt class='gallery-icon portrait'>\n\t\t\t\t<a rel=\"prettyPhoto[flexslider]\" href='https:\/\/rostosolidario.pt\/wp-content\/uploads\/2025\/11\/Caritas-Mulheres-e-Vida-3.jpg'><img loading=\"lazy\" decoding=\"async\" width=\"768\" height=\"1024\" src=\"https:\/\/rostosolidario.pt\/wp-content\/uploads\/2025\/11\/Caritas-Mulheres-e-Vida-3-768x1024.jpg\" class=\"attachment-large size-large\" alt=\"\" srcset=\"https:\/\/rostosolidario.pt\/wp-content\/uploads\/2025\/11\/Caritas-Mulheres-e-Vida-3-768x1024.jpg 768w, https:\/\/rostosolidario.pt\/wp-content\/uploads\/2025\/11\/Caritas-Mulheres-e-Vida-3-225x300.jpg 225w, https:\/\/rostosolidario.pt\/wp-content\/uploads\/2025\/11\/Caritas-Mulheres-e-Vida-3.jpg 960w\" sizes=\"(max-width: 768px) 100vw, 768px\" \/><\/a>\n\t\t\t<\/dt><\/dl><dl class='gallery-item'>\n\t\t\t<dt class='gallery-icon portrait'>\n\t\t\t\t<a rel=\"prettyPhoto[flexslider]\" href='https:\/\/rostosolidario.pt\/wp-content\/uploads\/2025\/11\/Caritas-Mulheres-e-Vida-2.jpg'><img loading=\"lazy\" decoding=\"async\" width=\"768\" height=\"1024\" src=\"https:\/\/rostosolidario.pt\/wp-content\/uploads\/2025\/11\/Caritas-Mulheres-e-Vida-2-768x1024.jpg\" class=\"attachment-large size-large\" alt=\"\" srcset=\"https:\/\/rostosolidario.pt\/wp-content\/uploads\/2025\/11\/Caritas-Mulheres-e-Vida-2-768x1024.jpg 768w, https:\/\/rostosolidario.pt\/wp-content\/uploads\/2025\/11\/Caritas-Mulheres-e-Vida-2-225x300.jpg 225w, https:\/\/rostosolidario.pt\/wp-content\/uploads\/2025\/11\/Caritas-Mulheres-e-Vida-2.jpg 960w\" sizes=\"(max-width: 768px) 100vw, 768px\" \/><\/a>\n\t\t\t<\/dt><\/dl>\n\t\t\t<br style='clear: both' \/>\n\t\t<\/div>\n\n<!-- AddThis Advanced Settings generic via filter on the_content --><!-- AddThis Share Buttons generic via filter on the_content -->","protected":false},"excerpt":{"rendered":"<p>At the end of September, the \u201cWomen and Life\u201d project, promoted by Rosto Solid\u00e1rio, held another training session for women multipliers from the provinces of Luanda and Bengo. The sessions focused on human rights, women\u2019s rights and challenging gender stereotypes, creating a space for reflection and strengthening women\u2019s empowerment. On<\/p>\n<p><a class=\"sd-more sd-all-trans\" href=\"https:\/\/rostosolidario.pt\/en\/another-step-forward-for-the-women-and-life-project\/#more-18914\">Read More<\/a><\/p>\n<p><!-- AddThis Advanced Settings generic via filter on get_the_excerpt --><!-- AddThis Share Buttons generic via filter on get_the_excerpt --><\/p>\n","protected":false},"author":1,"featured_media":16821,"comment_status":"closed","ping_status":"open","sticky":false,"template":"","format":"standard","meta":{"footnotes":""},"categories":[98,99,100,105,102,103],"tags":[],"class_list":["post-18914","post","type-post","status-publish","format-standard","has-post-thumbnail","hentry","category-cidadania-global-en","category-desenvolvimento-sustentavel-en","category-educacao-en","category-geral-en","category-juventude-en","category-solidariedade-en"],"_links":{"self":[{"href":"https:\/\/rostosolidario.pt\/en\/wp-json\/wp\/v2\/posts\/18914"}],"collection":[{"href":"https:\/\/rostosolidario.pt\/en\/wp-json\/wp\/v2\/posts"}],"about":[{"href":"https:\/\/rostosolidario.pt\/en\/wp-json\/wp\/v2\/types\/post"}],"author":[{"embeddable":true,"href":"https:\/\/rostosolidario.pt\/en\/wp-json\/wp\/v2\/users\/1"}],"replies":[{"embeddable":true,"href":"https:\/\/rostosolidario.pt\/en\/wp-json\/wp\/v2\/comments?post=18914"}],"version-history":[{"count":3,"href":"https:\/\/rostosolidario.pt\/en\/wp-json\/wp\/v2\/posts\/18914\/revisions"}],"predecessor-version":[{"id":18919,"href":"https:\/\/rostosolidario.pt\/en\/wp-json\/wp\/v2\/posts\/18914\/revisions\/18919"}],"wp:featuredmedia":[{"embeddable":true,"href":"https:\/\/rostosolidario.pt\/en\/wp-json\/wp\/v2\/media\/16821"}],"wp:attachment":[{"href":"https:\/\/rostosolidario.pt\/en\/wp-json\/wp\/v2\/media?parent=18914"}],"wp:term":[{"taxonomy":"category","embeddable":true,"href":"https:\/\/rostosolidario.pt\/en\/wp-json\/wp\/v2\/categories?post=18914"},{"taxonomy":"post_tag","embeddable":true,"href":"https:\/\/rostosolidario.pt\/en\/wp-json\/wp\/v2\/tags?post=18914"}],"curies":[{"name":"wp","href":"https:\/\/api.w.org\/{rel}","templated":true}]}}