{"id":18910,"date":"2025-10-13T15:01:05","date_gmt":"2025-10-13T14:01:05","guid":{"rendered":"https:\/\/rostosolidario.pt\/?p=18910"},"modified":"2026-08-26T15:08:35","modified_gmt":"2026-08-26T14:08:35","slug":"the-re-crafts-project-continues-to-make-an-impact","status":"publish","type":"post","link":"https:\/\/rostosolidario.pt\/en\/the-re-crafts-project-continues-to-make-an-impact\/","title":{"rendered":"The Re-Crafts Project Continues to Make an Impact"},"content":{"rendered":"<div class=\"elementor-element elementor-element-06654d3 elementor-widget elementor-widget-text-editor\" data-id=\"06654d3\" data-element_type=\"widget\" data-widget_type=\"text-editor.default\"><\/div>\n<p data-start=\"105\" data-end=\"284\">Last Saturday, 4 October, the team from the project partner organisation C\u00e1ritas de Angola held a formal presentation of the Re-Crafts project for its target audience.<\/p>\n<p data-start=\"286\" data-end=\"633\">Although many participants had already had an initial contact with the project during the mapping process, this meeting provided an opportunity to deepen mutual understanding, present the project\u2019s goals, and identify the skills, knowledge and experiences that each person can contribute to this collaborative network of exchange and learning.<\/p>\n<h3 data-section-id=\"1pwsaz2\" data-start=\"635\" data-end=\"673\"><span role=\"text\">What is the Re-Crafts Project?<\/span><\/h3>\n<p data-start=\"675\" data-end=\"1079\">Re-Crafts \u2013 Strengthening Vocational Education to Promote Craft and Upcycling Entrepreneurs in the Cultural and Green Tourism Value Chain is an intercontinental initiative that aims to revitalise local handicrafts and promote sustainable practices through vocational education and the strengthening of cultural and tourism enterprises based on recycling and the appreciation of cultural heritage.<\/p>\n<p data-start=\"1081\" data-end=\"1351\">The project focuses on quality vocational training, the creation and consolidation of sustainable businesses, and the promotion of employability and entrepreneurship, contributing to sustainable community development and the preservation of local traditions.<\/p>\n<h3 data-section-id=\"1xq9wgy\" data-start=\"1353\" data-end=\"1377\"><span role=\"text\">Expected Results<\/span><\/h3>\n<ul data-start=\"1379\" data-end=\"1669\">\n<li data-section-id=\"1lkncyy\" data-start=\"1379\" data-end=\"1480\">Creation of a Value Chain Model involving local artisans, entrepreneurs and the tourism sector;<\/li>\n<li data-section-id=\"10pu3xd\" data-start=\"1481\" data-end=\"1669\">Development of a Vocational Training Framework that systematises craft and entrepreneurship techniques and methodologies applicable to the realities of the participating territories.<\/li>\n<\/ul>\n<p data-start=\"1671\" data-end=\"1860\">The project partners are Rosto Solid\u00e1rio (Portugal), FEDESPAB (Portugal), C\u00e1ritas de Angola (Angola), C\u00e1ritas Mo\u00e7ambicana (Mozambique), Espa\u00e7o Jovem (Cape Verde) and ASPAYM (Spain).<\/p>\n<p data-start=\"1862\" data-end=\"1914\" data-is-last-node=\"\" data-is-only-node=\"\">The project is funded by the Erasmus+ programme.<\/p>\n\n\t\t<style type=\"text\/css\">\n\t\t\t#gallery-1 {\n\t\t\t\tmargin: auto;\n\t\t\t}\n\t\t\t#gallery-1 .gallery-item {\n\t\t\t\tfloat: left;\n\t\t\t\tmargin-top: 10px;\n\t\t\t\ttext-align: center;\n\t\t\t\twidth: 33%;\n\t\t\t}\n\t\t\t#gallery-1 img {\n\t\t\t\tborder: 2px solid #cfcfcf;\n\t\t\t}\n\t\t\t#gallery-1 .gallery-caption {\n\t\t\t\tmargin-left: 0;\n\t\t\t}\n\t\t\t\/* see gallery_shortcode() in wp-includes\/media.php *\/\n\t\t<\/style>\n\t\t<div id='gallery-1' class='gallery galleryid-18910 gallery-columns-3 gallery-size-large'><dl class='gallery-item'>\n\t\t\t<dt class='gallery-icon landscape'>\n\t\t\t\t<a rel=\"prettyPhoto[flexslider]\" href='https:\/\/rostosolidario.pt\/wp-content\/uploads\/2025\/10\/Re-Crafts_Caritas-Angola-4.jpg'><img loading=\"lazy\" decoding=\"async\" width=\"1024\" height=\"768\" src=\"https:\/\/rostosolidario.pt\/wp-content\/uploads\/2025\/10\/Re-Crafts_Caritas-Angola-4-1024x768.jpg\" class=\"attachment-large size-large\" alt=\"\" srcset=\"https:\/\/rostosolidario.pt\/wp-content\/uploads\/2025\/10\/Re-Crafts_Caritas-Angola-4-1024x768.jpg 1024w, https:\/\/rostosolidario.pt\/wp-content\/uploads\/2025\/10\/Re-Crafts_Caritas-Angola-4-300x225.jpg 300w, https:\/\/rostosolidario.pt\/wp-content\/uploads\/2025\/10\/Re-Crafts_Caritas-Angola-4-768x576.jpg 768w, https:\/\/rostosolidario.pt\/wp-content\/uploads\/2025\/10\/Re-Crafts_Caritas-Angola-4.jpg 1280w\" sizes=\"(max-width: 1024px) 100vw, 1024px\" \/><\/a>\n\t\t\t<\/dt><\/dl><dl class='gallery-item'>\n\t\t\t<dt class='gallery-icon portrait'>\n\t\t\t\t<a rel=\"prettyPhoto[flexslider]\" href='https:\/\/rostosolidario.pt\/wp-content\/uploads\/2025\/10\/Re-Crafts_Caritas-Angola-3.jpg'><img loading=\"lazy\" decoding=\"async\" width=\"768\" height=\"1024\" src=\"https:\/\/rostosolidario.pt\/wp-content\/uploads\/2025\/10\/Re-Crafts_Caritas-Angola-3-768x1024.jpg\" class=\"attachment-large size-large\" alt=\"\" srcset=\"https:\/\/rostosolidario.pt\/wp-content\/uploads\/2025\/10\/Re-Crafts_Caritas-Angola-3-768x1024.jpg 768w, https:\/\/rostosolidario.pt\/wp-content\/uploads\/2025\/10\/Re-Crafts_Caritas-Angola-3-225x300.jpg 225w, https:\/\/rostosolidario.pt\/wp-content\/uploads\/2025\/10\/Re-Crafts_Caritas-Angola-3.jpg 960w\" sizes=\"(max-width: 768px) 100vw, 768px\" \/><\/a>\n\t\t\t<\/dt><\/dl><dl class='gallery-item'>\n\t\t\t<dt class='gallery-icon landscape'>\n\t\t\t\t<a rel=\"prettyPhoto[flexslider]\" href='https:\/\/rostosolidario.pt\/wp-content\/uploads\/2025\/10\/Re-Crafts_Caritas-Angola-2.jpg'><img loading=\"lazy\" decoding=\"async\" width=\"1024\" height=\"768\" src=\"https:\/\/rostosolidario.pt\/wp-content\/uploads\/2025\/10\/Re-Crafts_Caritas-Angola-2-1024x768.jpg\" class=\"attachment-large size-large\" alt=\"\" srcset=\"https:\/\/rostosolidario.pt\/wp-content\/uploads\/2025\/10\/Re-Crafts_Caritas-Angola-2-1024x768.jpg 1024w, https:\/\/rostosolidario.pt\/wp-content\/uploads\/2025\/10\/Re-Crafts_Caritas-Angola-2-300x225.jpg 300w, https:\/\/rostosolidario.pt\/wp-content\/uploads\/2025\/10\/Re-Crafts_Caritas-Angola-2-768x576.jpg 768w, https:\/\/rostosolidario.pt\/wp-content\/uploads\/2025\/10\/Re-Crafts_Caritas-Angola-2.jpg 1280w\" sizes=\"(max-width: 1024px) 100vw, 1024px\" \/><\/a>\n\t\t\t<\/dt><\/dl><br style=\"clear: both\" \/><dl class='gallery-item'>\n\t\t\t<dt class='gallery-icon landscape'>\n\t\t\t\t<a rel=\"prettyPhoto[flexslider]\" href='https:\/\/rostosolidario.pt\/wp-content\/uploads\/2025\/10\/Re-Crafts_Caritas-Angola-6.jpg'><img loading=\"lazy\" decoding=\"async\" width=\"1024\" height=\"768\" src=\"https:\/\/rostosolidario.pt\/wp-content\/uploads\/2025\/10\/Re-Crafts_Caritas-Angola-6-1024x768.jpg\" class=\"attachment-large size-large\" alt=\"\" srcset=\"https:\/\/rostosolidario.pt\/wp-content\/uploads\/2025\/10\/Re-Crafts_Caritas-Angola-6-1024x768.jpg 1024w, https:\/\/rostosolidario.pt\/wp-content\/uploads\/2025\/10\/Re-Crafts_Caritas-Angola-6-300x225.jpg 300w, https:\/\/rostosolidario.pt\/wp-content\/uploads\/2025\/10\/Re-Crafts_Caritas-Angola-6-768x576.jpg 768w, https:\/\/rostosolidario.pt\/wp-content\/uploads\/2025\/10\/Re-Crafts_Caritas-Angola-6.jpg 1280w\" sizes=\"(max-width: 1024px) 100vw, 1024px\" \/><\/a>\n\t\t\t<\/dt><\/dl><dl class='gallery-item'>\n\t\t\t<dt class='gallery-icon landscape'>\n\t\t\t\t<a rel=\"prettyPhoto[flexslider]\" href='https:\/\/rostosolidario.pt\/wp-content\/uploads\/2025\/10\/Re-Crafts_Caritas-Angola-5.jpg'><img loading=\"lazy\" decoding=\"async\" width=\"1024\" height=\"768\" src=\"https:\/\/rostosolidario.pt\/wp-content\/uploads\/2025\/10\/Re-Crafts_Caritas-Angola-5-1024x768.jpg\" class=\"attachment-large size-large\" alt=\"\" srcset=\"https:\/\/rostosolidario.pt\/wp-content\/uploads\/2025\/10\/Re-Crafts_Caritas-Angola-5-1024x768.jpg 1024w, https:\/\/rostosolidario.pt\/wp-content\/uploads\/2025\/10\/Re-Crafts_Caritas-Angola-5-300x225.jpg 300w, https:\/\/rostosolidario.pt\/wp-content\/uploads\/2025\/10\/Re-Crafts_Caritas-Angola-5-768x576.jpg 768w, https:\/\/rostosolidario.pt\/wp-content\/uploads\/2025\/10\/Re-Crafts_Caritas-Angola-5.jpg 1280w\" sizes=\"(max-width: 1024px) 100vw, 1024px\" \/><\/a>\n\t\t\t<\/dt><\/dl>\n\t\t\t<br style='clear: both' \/>\n\t\t<\/div>\n\n<!-- AddThis Advanced Settings generic via filter on the_content --><!-- AddThis Share Buttons generic via filter on the_content -->","protected":false},"excerpt":{"rendered":"<p>Last Saturday, 4 October, the team from the project partner organisation C\u00e1ritas de Angola held a formal presentation of the Re-Crafts project for its target audience. Although many participants had already had an initial contact with the project during the mapping process, this meeting provided an opportunity to deepen mutual<\/p>\n<p><a class=\"sd-more sd-all-trans\" href=\"https:\/\/rostosolidario.pt\/en\/the-re-crafts-project-continues-to-make-an-impact\/#more-18910\">Read More<\/a><\/p>\n<p><!-- AddThis Advanced Settings generic via filter on get_the_excerpt --><!-- AddThis Share Buttons generic via filter on get_the_excerpt --><\/p>\n","protected":false},"author":1,"featured_media":16605,"comment_status":"closed","ping_status":"open","sticky":false,"template":"","format":"standard","meta":{"footnotes":""},"categories":[98,99,100,105,102,103],"tags":[],"class_list":["post-18910","post","type-post","status-publish","format-standard","has-post-thumbnail","hentry","category-cidadania-global-en","category-desenvolvimento-sustentavel-en","category-educacao-en","category-geral-en","category-juventude-en","category-solidariedade-en"],"_links":{"self":[{"href":"https:\/\/rostosolidario.pt\/en\/wp-json\/wp\/v2\/posts\/18910"}],"collection":[{"href":"https:\/\/rostosolidario.pt\/en\/wp-json\/wp\/v2\/posts"}],"about":[{"href":"https:\/\/rostosolidario.pt\/en\/wp-json\/wp\/v2\/types\/post"}],"author":[{"embeddable":true,"href":"https:\/\/rostosolidario.pt\/en\/wp-json\/wp\/v2\/users\/1"}],"replies":[{"embeddable":true,"href":"https:\/\/rostosolidario.pt\/en\/wp-json\/wp\/v2\/comments?post=18910"}],"version-history":[{"count":4,"href":"https:\/\/rostosolidario.pt\/en\/wp-json\/wp\/v2\/posts\/18910\/revisions"}],"predecessor-version":[{"id":18917,"href":"https:\/\/rostosolidario.pt\/en\/wp-json\/wp\/v2\/posts\/18910\/revisions\/18917"}],"wp:featuredmedia":[{"embeddable":true,"href":"https:\/\/rostosolidario.pt\/en\/wp-json\/wp\/v2\/media\/16605"}],"wp:attachment":[{"href":"https:\/\/rostosolidario.pt\/en\/wp-json\/wp\/v2\/media?parent=18910"}],"wp:term":[{"taxonomy":"category","embeddable":true,"href":"https:\/\/rostosolidario.pt\/en\/wp-json\/wp\/v2\/categories?post=18910"},{"taxonomy":"post_tag","embeddable":true,"href":"https:\/\/rostosolidario.pt\/en\/wp-json\/wp\/v2\/tags?post=18910"}],"curies":[{"name":"wp","href":"https:\/\/api.w.org\/{rel}","templated":true}]}}