{"id":16097,"date":"2025-06-02T17:59:21","date_gmt":"2025-06-02T16:59:21","guid":{"rendered":"https:\/\/rostosolidario.pt\/?p=16097"},"modified":"2025-07-22T11:41:30","modified_gmt":"2025-07-22T10:41:30","slug":"mulheres-e-vida-training","status":"publish","type":"post","link":"https:\/\/rostosolidario.pt\/en\/mulheres-e-vida-training\/","title":{"rendered":"Mulheres e Vida &#8211; Training"},"content":{"rendered":"<div class=\"elementor-element elementor-element-06654d3 elementor-widget elementor-widget-text-editor\" data-id=\"06654d3\" data-element_type=\"widget\" data-widget_type=\"text-editor.default\">\n<div class=\"elementor-widget-container\">\n<p data-start=\"88\" data-end=\"367\">The <strong data-start=\"92\" data-end=\"113\">\u201cMulheres e Vida\u201d<\/strong> project focuses on the <strong data-start=\"137\" data-end=\"169\">empowerment of Angolan women<\/strong> in the dioceses of Luanda, Viana, and Caxito, promoting both individual and community strengthening through <strong data-start=\"278\" data-end=\"299\">capacity building<\/strong> and the creation of <strong data-start=\"320\" data-end=\"366\">knowledge-sharing and replication networks<\/strong>.<\/p>\n<p data-start=\"369\" data-end=\"528\">The project\u2019s first training session took place from <strong data-start=\"422\" data-end=\"442\">May 30 to June 1<\/strong> in the <strong data-start=\"450\" data-end=\"471\">Diocese of Caxito<\/strong>, bringing together <strong data-start=\"491\" data-end=\"503\">30 women<\/strong> from the three dioceses.<\/p>\n<p data-start=\"530\" data-end=\"782\">Over the course of three days, participants experienced intense moments of <strong data-start=\"605\" data-end=\"655\">sharing, active listening, critical reflection<\/strong>, and <strong data-start=\"661\" data-end=\"680\">personal growth<\/strong>. Practical activities, group dynamics, and real case analyses sparked deep engagement and motivation.<\/p>\n<p data-start=\"784\" data-end=\"855\">Topics addressed included <strong data-start=\"810\" data-end=\"854\">entrepreneurship and women\u2019s empowerment<\/strong>.<\/p>\n<p data-start=\"857\" data-end=\"1108\">This training marked the <strong data-start=\"882\" data-end=\"909\">first step in a journey<\/strong> designed to transform participants into <strong data-start=\"950\" data-end=\"975\">multipliers of impact<\/strong>, able to replicate the knowledge acquired within their communities through the facilitation of <strong data-start=\"1071\" data-end=\"1107\">10 local community action groups<\/strong>.<\/p>\n<p data-start=\"1110\" data-end=\"1361\">The trained women expressed a clear commitment to sharing what they learned locally, bringing <strong data-start=\"1204\" data-end=\"1236\">hope, tools, and inspiration<\/strong> to their communities. This <strong data-start=\"1264\" data-end=\"1293\">participatory methodology<\/strong> aims to ensure the <strong data-start=\"1313\" data-end=\"1360\">sustainability and multiplication of impact<\/strong>.<\/p>\n<p data-start=\"1363\" data-end=\"1466\">This successful start was only made possible thanks to the collaboration of several strategic partners:<\/p>\n<ul>\n<li data-start=\"1470\" data-end=\"1535\"><strong data-start=\"1470\" data-end=\"1491\">C\u00e1ritas de Angola<\/strong>, tireless in on-the-ground implementation<\/li>\n<li data-start=\"1538\" data-end=\"1608\"><strong data-start=\"1538\" data-end=\"1586\">Cam\u00f5es \u2013 Instituto da Coopera\u00e7\u00e3o e da L\u00edngua<\/strong>, the project funder<\/li>\n<li data-start=\"1611\" data-end=\"1697\"><strong data-start=\"1611\" data-end=\"1633\">C\u00e1ritas Portuguesa<\/strong> and <strong data-start=\"1638\" data-end=\"1660\">Sa\u00fade em Portugu\u00eas<\/strong>, key partners in technical support<\/li>\n<li data-start=\"1700\" data-end=\"1775\">Local institutions and communities involved in mobilization and follow-up<\/li>\n<\/ul>\n<p data-start=\"1777\" data-end=\"2031\">\n<p data-start=\"1777\" data-end=\"2031\">At the beginning of the training, <strong data-start=\"1811\" data-end=\"1830\">Rosto Solid\u00e1rio<\/strong> also had the opportunity to participate in a <strong data-start=\"1876\" data-end=\"1896\">press conference<\/strong> officially launching the project, held at the headquarters of <strong data-start=\"1959\" data-end=\"1980\">C\u00e1ritas de Angola<\/strong>, the project\u2019s implementing partner on the ground.<\/p>\n<p data-start=\"2033\" data-end=\"2433\">The session welcomed various partner and institutional representatives, including <strong data-start=\"2115\" data-end=\"2140\">Bishop Ant\u00f3nio Bengui<\/strong>, President of C\u00e1ritas de Angola; <strong data-start=\"2174\" data-end=\"2192\">Rodrigo Subtil<\/strong>, representative of the funding agency Cam\u00f5es \u2013 Instituto da Coopera\u00e7\u00e3o e da L\u00edngua; as well as partner organizations such as <strong data-start=\"2318\" data-end=\"2328\">INEFOP<\/strong>, <strong data-start=\"2330\" data-end=\"2372\">BFA \u2013 Social Responsibility Department<\/strong>, and members of the national and diocesan boards of C\u00e1ritas.<\/p>\n<p data-start=\"2435\" data-end=\"2579\"><strong data-start=\"2435\" data-end=\"2454\">Rosto Solid\u00e1rio<\/strong> is proud to coordinate this journey and reaffirms its <strong data-start=\"2509\" data-end=\"2578\">commitment to women\u2019s empowerment and human development in Angola<\/strong>.<\/p>\n<p data-start=\"2581\" data-end=\"2611\" data-is-last-node=\"\" data-is-only-node=\"\"><strong data-start=\"2581\" data-end=\"2611\" data-is-last-node=\"\">Together, we are stronger!<\/strong><\/p>\n<\/div>\n\n\t\t<style type=\"text\/css\">\n\t\t\t#gallery-1 {\n\t\t\t\tmargin: auto;\n\t\t\t}\n\t\t\t#gallery-1 .gallery-item {\n\t\t\t\tfloat: left;\n\t\t\t\tmargin-top: 10px;\n\t\t\t\ttext-align: center;\n\t\t\t\twidth: 33%;\n\t\t\t}\n\t\t\t#gallery-1 img {\n\t\t\t\tborder: 2px solid #cfcfcf;\n\t\t\t}\n\t\t\t#gallery-1 .gallery-caption {\n\t\t\t\tmargin-left: 0;\n\t\t\t}\n\t\t\t\/* see gallery_shortcode() in wp-includes\/media.php *\/\n\t\t<\/style>\n\t\t<div id='gallery-1' class='gallery galleryid-16097 gallery-columns-3 gallery-size-medium'><dl class='gallery-item'>\n\t\t\t<dt class='gallery-icon landscape'>\n\t\t\t\t<a rel=\"prettyPhoto[flexslider]\" href='https:\/\/rostosolidario.pt\/wp-content\/uploads\/2025\/06\/Mulheres-e-vida_formacao-31-mai-01-jun-63.jpg'><img loading=\"lazy\" decoding=\"async\" width=\"300\" height=\"225\" src=\"https:\/\/rostosolidario.pt\/wp-content\/uploads\/2025\/06\/Mulheres-e-vida_formacao-31-mai-01-jun-63-300x225.jpg\" class=\"attachment-medium size-medium\" alt=\"\" srcset=\"https:\/\/rostosolidario.pt\/wp-content\/uploads\/2025\/06\/Mulheres-e-vida_formacao-31-mai-01-jun-63-300x225.jpg 300w, https:\/\/rostosolidario.pt\/wp-content\/uploads\/2025\/06\/Mulheres-e-vida_formacao-31-mai-01-jun-63-1024x768.jpg 1024w, https:\/\/rostosolidario.pt\/wp-content\/uploads\/2025\/06\/Mulheres-e-vida_formacao-31-mai-01-jun-63-768x576.jpg 768w, https:\/\/rostosolidario.pt\/wp-content\/uploads\/2025\/06\/Mulheres-e-vida_formacao-31-mai-01-jun-63-1536x1152.jpg 1536w, https:\/\/rostosolidario.pt\/wp-content\/uploads\/2025\/06\/Mulheres-e-vida_formacao-31-mai-01-jun-63.jpg 2040w\" sizes=\"(max-width: 300px) 100vw, 300px\" \/><\/a>\n\t\t\t<\/dt><\/dl><dl class='gallery-item'>\n\t\t\t<dt class='gallery-icon portrait'>\n\t\t\t\t<a rel=\"prettyPhoto[flexslider]\" href='https:\/\/rostosolidario.pt\/wp-content\/uploads\/2025\/06\/Mulheres-e-vida_formacao-31-mai-01-jun-57.jpg'><img loading=\"lazy\" decoding=\"async\" width=\"225\" height=\"300\" src=\"https:\/\/rostosolidario.pt\/wp-content\/uploads\/2025\/06\/Mulheres-e-vida_formacao-31-mai-01-jun-57-225x300.jpg\" class=\"attachment-medium size-medium\" alt=\"\" srcset=\"https:\/\/rostosolidario.pt\/wp-content\/uploads\/2025\/06\/Mulheres-e-vida_formacao-31-mai-01-jun-57-225x300.jpg 225w, https:\/\/rostosolidario.pt\/wp-content\/uploads\/2025\/06\/Mulheres-e-vida_formacao-31-mai-01-jun-57-768x1024.jpg 768w, https:\/\/rostosolidario.pt\/wp-content\/uploads\/2025\/06\/Mulheres-e-vida_formacao-31-mai-01-jun-57-1152x1536.jpg 1152w, https:\/\/rostosolidario.pt\/wp-content\/uploads\/2025\/06\/Mulheres-e-vida_formacao-31-mai-01-jun-57.jpg 1530w\" sizes=\"(max-width: 225px) 100vw, 225px\" \/><\/a>\n\t\t\t<\/dt><\/dl><dl class='gallery-item'>\n\t\t\t<dt class='gallery-icon landscape'>\n\t\t\t\t<a rel=\"prettyPhoto[flexslider]\" href='https:\/\/rostosolidario.pt\/wp-content\/uploads\/2025\/06\/Mulheres-e-vida_formacao-31-mai-01-jun-53.jpg'><img loading=\"lazy\" decoding=\"async\" width=\"300\" height=\"225\" src=\"https:\/\/rostosolidario.pt\/wp-content\/uploads\/2025\/06\/Mulheres-e-vida_formacao-31-mai-01-jun-53-300x225.jpg\" class=\"attachment-medium size-medium\" alt=\"\" srcset=\"https:\/\/rostosolidario.pt\/wp-content\/uploads\/2025\/06\/Mulheres-e-vida_formacao-31-mai-01-jun-53-300x225.jpg 300w, https:\/\/rostosolidario.pt\/wp-content\/uploads\/2025\/06\/Mulheres-e-vida_formacao-31-mai-01-jun-53-1024x768.jpg 1024w, https:\/\/rostosolidario.pt\/wp-content\/uploads\/2025\/06\/Mulheres-e-vida_formacao-31-mai-01-jun-53-768x576.jpg 768w, https:\/\/rostosolidario.pt\/wp-content\/uploads\/2025\/06\/Mulheres-e-vida_formacao-31-mai-01-jun-53-1536x1152.jpg 1536w, https:\/\/rostosolidario.pt\/wp-content\/uploads\/2025\/06\/Mulheres-e-vida_formacao-31-mai-01-jun-53.jpg 2040w\" sizes=\"(max-width: 300px) 100vw, 300px\" \/><\/a>\n\t\t\t<\/dt><\/dl><br style=\"clear: both\" \/><dl class='gallery-item'>\n\t\t\t<dt class='gallery-icon landscape'>\n\t\t\t\t<a rel=\"prettyPhoto[flexslider]\" href='https:\/\/rostosolidario.pt\/wp-content\/uploads\/2025\/06\/Mulheres-e-vida_formacao-31-mai-01-jun-52.jpg'><img loading=\"lazy\" decoding=\"async\" width=\"300\" height=\"225\" src=\"https:\/\/rostosolidario.pt\/wp-content\/uploads\/2025\/06\/Mulheres-e-vida_formacao-31-mai-01-jun-52-300x225.jpg\" class=\"attachment-medium size-medium\" alt=\"\" srcset=\"https:\/\/rostosolidario.pt\/wp-content\/uploads\/2025\/06\/Mulheres-e-vida_formacao-31-mai-01-jun-52-300x225.jpg 300w, https:\/\/rostosolidario.pt\/wp-content\/uploads\/2025\/06\/Mulheres-e-vida_formacao-31-mai-01-jun-52-1024x768.jpg 1024w, https:\/\/rostosolidario.pt\/wp-content\/uploads\/2025\/06\/Mulheres-e-vida_formacao-31-mai-01-jun-52-768x576.jpg 768w, https:\/\/rostosolidario.pt\/wp-content\/uploads\/2025\/06\/Mulheres-e-vida_formacao-31-mai-01-jun-52-1536x1152.jpg 1536w, https:\/\/rostosolidario.pt\/wp-content\/uploads\/2025\/06\/Mulheres-e-vida_formacao-31-mai-01-jun-52.jpg 2040w\" sizes=\"(max-width: 300px) 100vw, 300px\" \/><\/a>\n\t\t\t<\/dt><\/dl><dl class='gallery-item'>\n\t\t\t<dt class='gallery-icon landscape'>\n\t\t\t\t<a rel=\"prettyPhoto[flexslider]\" href='https:\/\/rostosolidario.pt\/wp-content\/uploads\/2025\/06\/Mulheres-e-vida_formacao-31-mai-01-jun-50.jpg'><img loading=\"lazy\" decoding=\"async\" width=\"300\" height=\"225\" src=\"https:\/\/rostosolidario.pt\/wp-content\/uploads\/2025\/06\/Mulheres-e-vida_formacao-31-mai-01-jun-50-300x225.jpg\" class=\"attachment-medium size-medium\" alt=\"\" srcset=\"https:\/\/rostosolidario.pt\/wp-content\/uploads\/2025\/06\/Mulheres-e-vida_formacao-31-mai-01-jun-50-300x225.jpg 300w, https:\/\/rostosolidario.pt\/wp-content\/uploads\/2025\/06\/Mulheres-e-vida_formacao-31-mai-01-jun-50-1024x768.jpg 1024w, https:\/\/rostosolidario.pt\/wp-content\/uploads\/2025\/06\/Mulheres-e-vida_formacao-31-mai-01-jun-50-768x576.jpg 768w, https:\/\/rostosolidario.pt\/wp-content\/uploads\/2025\/06\/Mulheres-e-vida_formacao-31-mai-01-jun-50-1536x1152.jpg 1536w, https:\/\/rostosolidario.pt\/wp-content\/uploads\/2025\/06\/Mulheres-e-vida_formacao-31-mai-01-jun-50.jpg 2040w\" sizes=\"(max-width: 300px) 100vw, 300px\" \/><\/a>\n\t\t\t<\/dt><\/dl><dl class='gallery-item'>\n\t\t\t<dt class='gallery-icon landscape'>\n\t\t\t\t<a rel=\"prettyPhoto[flexslider]\" href='https:\/\/rostosolidario.pt\/wp-content\/uploads\/2025\/06\/Mulheres-e-vida_formacao-31-mai-01-jun-66.jpg'><img loading=\"lazy\" decoding=\"async\" width=\"300\" height=\"225\" src=\"https:\/\/rostosolidario.pt\/wp-content\/uploads\/2025\/06\/Mulheres-e-vida_formacao-31-mai-01-jun-66-300x225.jpg\" class=\"attachment-medium size-medium\" alt=\"\" srcset=\"https:\/\/rostosolidario.pt\/wp-content\/uploads\/2025\/06\/Mulheres-e-vida_formacao-31-mai-01-jun-66-300x225.jpg 300w, https:\/\/rostosolidario.pt\/wp-content\/uploads\/2025\/06\/Mulheres-e-vida_formacao-31-mai-01-jun-66-1024x768.jpg 1024w, https:\/\/rostosolidario.pt\/wp-content\/uploads\/2025\/06\/Mulheres-e-vida_formacao-31-mai-01-jun-66-768x576.jpg 768w, https:\/\/rostosolidario.pt\/wp-content\/uploads\/2025\/06\/Mulheres-e-vida_formacao-31-mai-01-jun-66-1536x1152.jpg 1536w, https:\/\/rostosolidario.pt\/wp-content\/uploads\/2025\/06\/Mulheres-e-vida_formacao-31-mai-01-jun-66.jpg 2040w\" sizes=\"(max-width: 300px) 100vw, 300px\" \/><\/a>\n\t\t\t<\/dt><\/dl><br style=\"clear: both\" \/><dl class='gallery-item'>\n\t\t\t<dt class='gallery-icon landscape'>\n\t\t\t\t<a rel=\"prettyPhoto[flexslider]\" href='https:\/\/rostosolidario.pt\/wp-content\/uploads\/2025\/06\/Mulheres-e-vida_formacao-31-mai-01-jun-38.jpg'><img loading=\"lazy\" decoding=\"async\" width=\"300\" height=\"225\" src=\"https:\/\/rostosolidario.pt\/wp-content\/uploads\/2025\/06\/Mulheres-e-vida_formacao-31-mai-01-jun-38-300x225.jpg\" class=\"attachment-medium size-medium\" alt=\"\" srcset=\"https:\/\/rostosolidario.pt\/wp-content\/uploads\/2025\/06\/Mulheres-e-vida_formacao-31-mai-01-jun-38-300x225.jpg 300w, https:\/\/rostosolidario.pt\/wp-content\/uploads\/2025\/06\/Mulheres-e-vida_formacao-31-mai-01-jun-38-1024x768.jpg 1024w, https:\/\/rostosolidario.pt\/wp-content\/uploads\/2025\/06\/Mulheres-e-vida_formacao-31-mai-01-jun-38-768x576.jpg 768w, https:\/\/rostosolidario.pt\/wp-content\/uploads\/2025\/06\/Mulheres-e-vida_formacao-31-mai-01-jun-38-1536x1152.jpg 1536w, https:\/\/rostosolidario.pt\/wp-content\/uploads\/2025\/06\/Mulheres-e-vida_formacao-31-mai-01-jun-38.jpg 1600w\" sizes=\"(max-width: 300px) 100vw, 300px\" \/><\/a>\n\t\t\t<\/dt><\/dl><dl class='gallery-item'>\n\t\t\t<dt class='gallery-icon landscape'>\n\t\t\t\t<a rel=\"prettyPhoto[flexslider]\" href='https:\/\/rostosolidario.pt\/wp-content\/uploads\/2025\/06\/Mulheres-e-vida_formacao-31-mai-01-jun-32.jpg'><img loading=\"lazy\" decoding=\"async\" width=\"300\" height=\"225\" src=\"https:\/\/rostosolidario.pt\/wp-content\/uploads\/2025\/06\/Mulheres-e-vida_formacao-31-mai-01-jun-32-300x225.jpg\" class=\"attachment-medium size-medium\" alt=\"\" srcset=\"https:\/\/rostosolidario.pt\/wp-content\/uploads\/2025\/06\/Mulheres-e-vida_formacao-31-mai-01-jun-32-300x225.jpg 300w, https:\/\/rostosolidario.pt\/wp-content\/uploads\/2025\/06\/Mulheres-e-vida_formacao-31-mai-01-jun-32-1024x768.jpg 1024w, https:\/\/rostosolidario.pt\/wp-content\/uploads\/2025\/06\/Mulheres-e-vida_formacao-31-mai-01-jun-32-768x576.jpg 768w, https:\/\/rostosolidario.pt\/wp-content\/uploads\/2025\/06\/Mulheres-e-vida_formacao-31-mai-01-jun-32-1536x1152.jpg 1536w, https:\/\/rostosolidario.pt\/wp-content\/uploads\/2025\/06\/Mulheres-e-vida_formacao-31-mai-01-jun-32.jpg 1600w\" sizes=\"(max-width: 300px) 100vw, 300px\" \/><\/a>\n\t\t\t<\/dt><\/dl><dl class='gallery-item'>\n\t\t\t<dt class='gallery-icon landscape'>\n\t\t\t\t<a rel=\"prettyPhoto[flexslider]\" href='https:\/\/rostosolidario.pt\/wp-content\/uploads\/2025\/06\/Mulheres-e-vida_formacao-31-mai-01-jun-26.jpg'><img loading=\"lazy\" decoding=\"async\" width=\"300\" height=\"225\" src=\"https:\/\/rostosolidario.pt\/wp-content\/uploads\/2025\/06\/Mulheres-e-vida_formacao-31-mai-01-jun-26-300x225.jpg\" class=\"attachment-medium size-medium\" alt=\"\" srcset=\"https:\/\/rostosolidario.pt\/wp-content\/uploads\/2025\/06\/Mulheres-e-vida_formacao-31-mai-01-jun-26-300x225.jpg 300w, https:\/\/rostosolidario.pt\/wp-content\/uploads\/2025\/06\/Mulheres-e-vida_formacao-31-mai-01-jun-26-1024x768.jpg 1024w, https:\/\/rostosolidario.pt\/wp-content\/uploads\/2025\/06\/Mulheres-e-vida_formacao-31-mai-01-jun-26-768x576.jpg 768w, https:\/\/rostosolidario.pt\/wp-content\/uploads\/2025\/06\/Mulheres-e-vida_formacao-31-mai-01-jun-26-1536x1152.jpg 1536w, https:\/\/rostosolidario.pt\/wp-content\/uploads\/2025\/06\/Mulheres-e-vida_formacao-31-mai-01-jun-26.jpg 1600w\" sizes=\"(max-width: 300px) 100vw, 300px\" \/><\/a>\n\t\t\t<\/dt><\/dl><br style=\"clear: both\" \/><dl class='gallery-item'>\n\t\t\t<dt class='gallery-icon landscape'>\n\t\t\t\t<a rel=\"prettyPhoto[flexslider]\" href='https:\/\/rostosolidario.pt\/wp-content\/uploads\/2025\/06\/Mulheres-e-vida_formacao-31-mai-01-jun-25.jpg'><img loading=\"lazy\" decoding=\"async\" width=\"300\" height=\"225\" src=\"https:\/\/rostosolidario.pt\/wp-content\/uploads\/2025\/06\/Mulheres-e-vida_formacao-31-mai-01-jun-25-300x225.jpg\" class=\"attachment-medium size-medium\" alt=\"\" srcset=\"https:\/\/rostosolidario.pt\/wp-content\/uploads\/2025\/06\/Mulheres-e-vida_formacao-31-mai-01-jun-25-300x225.jpg 300w, https:\/\/rostosolidario.pt\/wp-content\/uploads\/2025\/06\/Mulheres-e-vida_formacao-31-mai-01-jun-25-1024x768.jpg 1024w, https:\/\/rostosolidario.pt\/wp-content\/uploads\/2025\/06\/Mulheres-e-vida_formacao-31-mai-01-jun-25-768x576.jpg 768w, https:\/\/rostosolidario.pt\/wp-content\/uploads\/2025\/06\/Mulheres-e-vida_formacao-31-mai-01-jun-25-1536x1152.jpg 1536w, https:\/\/rostosolidario.pt\/wp-content\/uploads\/2025\/06\/Mulheres-e-vida_formacao-31-mai-01-jun-25.jpg 1600w\" sizes=\"(max-width: 300px) 100vw, 300px\" \/><\/a>\n\t\t\t<\/dt><\/dl><dl class='gallery-item'>\n\t\t\t<dt class='gallery-icon landscape'>\n\t\t\t\t<a rel=\"prettyPhoto[flexslider]\" href='https:\/\/rostosolidario.pt\/wp-content\/uploads\/2025\/06\/Mulheres-e-vida_formacao-31-mai-01-jun-43.jpg'><img loading=\"lazy\" decoding=\"async\" width=\"300\" height=\"225\" src=\"https:\/\/rostosolidario.pt\/wp-content\/uploads\/2025\/06\/Mulheres-e-vida_formacao-31-mai-01-jun-43-300x225.jpg\" class=\"attachment-medium size-medium\" alt=\"\" srcset=\"https:\/\/rostosolidario.pt\/wp-content\/uploads\/2025\/06\/Mulheres-e-vida_formacao-31-mai-01-jun-43-300x225.jpg 300w, https:\/\/rostosolidario.pt\/wp-content\/uploads\/2025\/06\/Mulheres-e-vida_formacao-31-mai-01-jun-43-1024x768.jpg 1024w, https:\/\/rostosolidario.pt\/wp-content\/uploads\/2025\/06\/Mulheres-e-vida_formacao-31-mai-01-jun-43-768x576.jpg 768w, https:\/\/rostosolidario.pt\/wp-content\/uploads\/2025\/06\/Mulheres-e-vida_formacao-31-mai-01-jun-43-1536x1152.jpg 1536w, https:\/\/rostosolidario.pt\/wp-content\/uploads\/2025\/06\/Mulheres-e-vida_formacao-31-mai-01-jun-43.jpg 1600w\" sizes=\"(max-width: 300px) 100vw, 300px\" \/><\/a>\n\t\t\t<\/dt><\/dl><dl class='gallery-item'>\n\t\t\t<dt class='gallery-icon landscape'>\n\t\t\t\t<a rel=\"prettyPhoto[flexslider]\" href='https:\/\/rostosolidario.pt\/wp-content\/uploads\/2025\/06\/Mulheres-e-vida_formacao-31-mai-01-jun-42.jpg'><img loading=\"lazy\" decoding=\"async\" width=\"300\" height=\"225\" src=\"https:\/\/rostosolidario.pt\/wp-content\/uploads\/2025\/06\/Mulheres-e-vida_formacao-31-mai-01-jun-42-300x225.jpg\" class=\"attachment-medium size-medium\" alt=\"\" srcset=\"https:\/\/rostosolidario.pt\/wp-content\/uploads\/2025\/06\/Mulheres-e-vida_formacao-31-mai-01-jun-42-300x225.jpg 300w, https:\/\/rostosolidario.pt\/wp-content\/uploads\/2025\/06\/Mulheres-e-vida_formacao-31-mai-01-jun-42-1024x768.jpg 1024w, https:\/\/rostosolidario.pt\/wp-content\/uploads\/2025\/06\/Mulheres-e-vida_formacao-31-mai-01-jun-42-768x576.jpg 768w, https:\/\/rostosolidario.pt\/wp-content\/uploads\/2025\/06\/Mulheres-e-vida_formacao-31-mai-01-jun-42-1536x1152.jpg 1536w, https:\/\/rostosolidario.pt\/wp-content\/uploads\/2025\/06\/Mulheres-e-vida_formacao-31-mai-01-jun-42.jpg 1600w\" sizes=\"(max-width: 300px) 100vw, 300px\" \/><\/a>\n\t\t\t<\/dt><\/dl><br style=\"clear: both\" \/><dl class='gallery-item'>\n\t\t\t<dt class='gallery-icon landscape'>\n\t\t\t\t<a rel=\"prettyPhoto[flexslider]\" href='https:\/\/rostosolidario.pt\/wp-content\/uploads\/2025\/06\/Mulheres-e-vida_formacao-31-mai-01-jun-24.jpg'><img loading=\"lazy\" decoding=\"async\" width=\"300\" height=\"225\" src=\"https:\/\/rostosolidario.pt\/wp-content\/uploads\/2025\/06\/Mulheres-e-vida_formacao-31-mai-01-jun-24-300x225.jpg\" class=\"attachment-medium size-medium\" alt=\"\" srcset=\"https:\/\/rostosolidario.pt\/wp-content\/uploads\/2025\/06\/Mulheres-e-vida_formacao-31-mai-01-jun-24-300x225.jpg 300w, https:\/\/rostosolidario.pt\/wp-content\/uploads\/2025\/06\/Mulheres-e-vida_formacao-31-mai-01-jun-24-1024x768.jpg 1024w, https:\/\/rostosolidario.pt\/wp-content\/uploads\/2025\/06\/Mulheres-e-vida_formacao-31-mai-01-jun-24-768x576.jpg 768w, https:\/\/rostosolidario.pt\/wp-content\/uploads\/2025\/06\/Mulheres-e-vida_formacao-31-mai-01-jun-24-1536x1152.jpg 1536w, https:\/\/rostosolidario.pt\/wp-content\/uploads\/2025\/06\/Mulheres-e-vida_formacao-31-mai-01-jun-24.jpg 1600w\" sizes=\"(max-width: 300px) 100vw, 300px\" \/><\/a>\n\t\t\t<\/dt><\/dl><dl class='gallery-item'>\n\t\t\t<dt class='gallery-icon landscape'>\n\t\t\t\t<a rel=\"prettyPhoto[flexslider]\" href='https:\/\/rostosolidario.pt\/wp-content\/uploads\/2025\/06\/Mulheres-e-vida_formacao-31-mai-01-jun-23.jpg'><img loading=\"lazy\" decoding=\"async\" width=\"300\" height=\"225\" src=\"https:\/\/rostosolidario.pt\/wp-content\/uploads\/2025\/06\/Mulheres-e-vida_formacao-31-mai-01-jun-23-300x225.jpg\" class=\"attachment-medium size-medium\" alt=\"\" srcset=\"https:\/\/rostosolidario.pt\/wp-content\/uploads\/2025\/06\/Mulheres-e-vida_formacao-31-mai-01-jun-23-300x225.jpg 300w, https:\/\/rostosolidario.pt\/wp-content\/uploads\/2025\/06\/Mulheres-e-vida_formacao-31-mai-01-jun-23-1024x768.jpg 1024w, https:\/\/rostosolidario.pt\/wp-content\/uploads\/2025\/06\/Mulheres-e-vida_formacao-31-mai-01-jun-23-768x576.jpg 768w, https:\/\/rostosolidario.pt\/wp-content\/uploads\/2025\/06\/Mulheres-e-vida_formacao-31-mai-01-jun-23-1536x1152.jpg 1536w, https:\/\/rostosolidario.pt\/wp-content\/uploads\/2025\/06\/Mulheres-e-vida_formacao-31-mai-01-jun-23.jpg 1600w\" sizes=\"(max-width: 300px) 100vw, 300px\" \/><\/a>\n\t\t\t<\/dt><\/dl><dl class='gallery-item'>\n\t\t\t<dt class='gallery-icon landscape'>\n\t\t\t\t<a rel=\"prettyPhoto[flexslider]\" href='https:\/\/rostosolidario.pt\/wp-content\/uploads\/2025\/06\/Mulheres-e-vida_formacao-31-mai-01-jun-22.jpg'><img loading=\"lazy\" decoding=\"async\" width=\"300\" height=\"225\" src=\"https:\/\/rostosolidario.pt\/wp-content\/uploads\/2025\/06\/Mulheres-e-vida_formacao-31-mai-01-jun-22-300x225.jpg\" class=\"attachment-medium size-medium\" alt=\"\" srcset=\"https:\/\/rostosolidario.pt\/wp-content\/uploads\/2025\/06\/Mulheres-e-vida_formacao-31-mai-01-jun-22-300x225.jpg 300w, https:\/\/rostosolidario.pt\/wp-content\/uploads\/2025\/06\/Mulheres-e-vida_formacao-31-mai-01-jun-22-1024x768.jpg 1024w, https:\/\/rostosolidario.pt\/wp-content\/uploads\/2025\/06\/Mulheres-e-vida_formacao-31-mai-01-jun-22-768x576.jpg 768w, https:\/\/rostosolidario.pt\/wp-content\/uploads\/2025\/06\/Mulheres-e-vida_formacao-31-mai-01-jun-22-1536x1152.jpg 1536w, https:\/\/rostosolidario.pt\/wp-content\/uploads\/2025\/06\/Mulheres-e-vida_formacao-31-mai-01-jun-22.jpg 1600w\" sizes=\"(max-width: 300px) 100vw, 300px\" \/><\/a>\n\t\t\t<\/dt><\/dl><br style=\"clear: both\" \/><dl class='gallery-item'>\n\t\t\t<dt class='gallery-icon portrait'>\n\t\t\t\t<a rel=\"prettyPhoto[flexslider]\" href='https:\/\/rostosolidario.pt\/wp-content\/uploads\/2025\/06\/Mulheres-e-vida_formacao-31-mai-01-jun-21.jpg'><img loading=\"lazy\" decoding=\"async\" width=\"225\" height=\"300\" src=\"https:\/\/rostosolidario.pt\/wp-content\/uploads\/2025\/06\/Mulheres-e-vida_formacao-31-mai-01-jun-21-225x300.jpg\" class=\"attachment-medium size-medium\" alt=\"\" srcset=\"https:\/\/rostosolidario.pt\/wp-content\/uploads\/2025\/06\/Mulheres-e-vida_formacao-31-mai-01-jun-21-225x300.jpg 225w, https:\/\/rostosolidario.pt\/wp-content\/uploads\/2025\/06\/Mulheres-e-vida_formacao-31-mai-01-jun-21-768x1024.jpg 768w, https:\/\/rostosolidario.pt\/wp-content\/uploads\/2025\/06\/Mulheres-e-vida_formacao-31-mai-01-jun-21-1152x1536.jpg 1152w, https:\/\/rostosolidario.pt\/wp-content\/uploads\/2025\/06\/Mulheres-e-vida_formacao-31-mai-01-jun-21.jpg 1200w\" sizes=\"(max-width: 225px) 100vw, 225px\" \/><\/a>\n\t\t\t<\/dt><\/dl><dl class='gallery-item'>\n\t\t\t<dt class='gallery-icon portrait'>\n\t\t\t\t<a rel=\"prettyPhoto[flexslider]\" href='https:\/\/rostosolidario.pt\/wp-content\/uploads\/2025\/06\/Mulheres-e-vida_formacao-31-mai-01-jun-19.jpg'><img loading=\"lazy\" decoding=\"async\" width=\"225\" height=\"300\" src=\"https:\/\/rostosolidario.pt\/wp-content\/uploads\/2025\/06\/Mulheres-e-vida_formacao-31-mai-01-jun-19-225x300.jpg\" class=\"attachment-medium size-medium\" alt=\"\" srcset=\"https:\/\/rostosolidario.pt\/wp-content\/uploads\/2025\/06\/Mulheres-e-vida_formacao-31-mai-01-jun-19-225x300.jpg 225w, https:\/\/rostosolidario.pt\/wp-content\/uploads\/2025\/06\/Mulheres-e-vida_formacao-31-mai-01-jun-19-768x1024.jpg 768w, https:\/\/rostosolidario.pt\/wp-content\/uploads\/2025\/06\/Mulheres-e-vida_formacao-31-mai-01-jun-19-1152x1536.jpg 1152w, https:\/\/rostosolidario.pt\/wp-content\/uploads\/2025\/06\/Mulheres-e-vida_formacao-31-mai-01-jun-19.jpg 1200w\" sizes=\"(max-width: 225px) 100vw, 225px\" \/><\/a>\n\t\t\t<\/dt><\/dl><dl class='gallery-item'>\n\t\t\t<dt class='gallery-icon portrait'>\n\t\t\t\t<a rel=\"prettyPhoto[flexslider]\" href='https:\/\/rostosolidario.pt\/wp-content\/uploads\/2025\/06\/Mulheres-e-vida_formacao-31-mai-01-jun-18.jpg'><img loading=\"lazy\" decoding=\"async\" width=\"225\" height=\"300\" src=\"https:\/\/rostosolidario.pt\/wp-content\/uploads\/2025\/06\/Mulheres-e-vida_formacao-31-mai-01-jun-18-225x300.jpg\" class=\"attachment-medium size-medium\" alt=\"\" srcset=\"https:\/\/rostosolidario.pt\/wp-content\/uploads\/2025\/06\/Mulheres-e-vida_formacao-31-mai-01-jun-18-225x300.jpg 225w, https:\/\/rostosolidario.pt\/wp-content\/uploads\/2025\/06\/Mulheres-e-vida_formacao-31-mai-01-jun-18-768x1024.jpg 768w, https:\/\/rostosolidario.pt\/wp-content\/uploads\/2025\/06\/Mulheres-e-vida_formacao-31-mai-01-jun-18-1152x1536.jpg 1152w, https:\/\/rostosolidario.pt\/wp-content\/uploads\/2025\/06\/Mulheres-e-vida_formacao-31-mai-01-jun-18.jpg 1200w\" sizes=\"(max-width: 225px) 100vw, 225px\" \/><\/a>\n\t\t\t<\/dt><\/dl><br style=\"clear: both\" \/><dl class='gallery-item'>\n\t\t\t<dt class='gallery-icon portrait'>\n\t\t\t\t<a rel=\"prettyPhoto[flexslider]\" href='https:\/\/rostosolidario.pt\/wp-content\/uploads\/2025\/06\/Mulheres-e-vida_formacao-31-mai-01-jun-10-e1748941134753.jpg'><img loading=\"lazy\" decoding=\"async\" width=\"225\" height=\"300\" src=\"https:\/\/rostosolidario.pt\/wp-content\/uploads\/2025\/06\/Mulheres-e-vida_formacao-31-mai-01-jun-10-225x300.jpg\" class=\"attachment-medium size-medium\" alt=\"\" srcset=\"https:\/\/rostosolidario.pt\/wp-content\/uploads\/2025\/06\/Mulheres-e-vida_formacao-31-mai-01-jun-10-225x300.jpg 225w, https:\/\/rostosolidario.pt\/wp-content\/uploads\/2025\/06\/Mulheres-e-vida_formacao-31-mai-01-jun-10-768x1024.jpg 768w, https:\/\/rostosolidario.pt\/wp-content\/uploads\/2025\/06\/Mulheres-e-vida_formacao-31-mai-01-jun-10-1152x1536.jpg 1152w, https:\/\/rostosolidario.pt\/wp-content\/uploads\/2025\/06\/Mulheres-e-vida_formacao-31-mai-01-jun-10.jpg 1200w\" sizes=\"(max-width: 225px) 100vw, 225px\" \/><\/a>\n\t\t\t<\/dt><\/dl><dl class='gallery-item'>\n\t\t\t<dt class='gallery-icon landscape'>\n\t\t\t\t<a rel=\"prettyPhoto[flexslider]\" href='https:\/\/rostosolidario.pt\/wp-content\/uploads\/2025\/06\/Mulheres-e-vida_formacao-31-mai-01-jun-7.jpg'><img loading=\"lazy\" decoding=\"async\" width=\"300\" height=\"225\" src=\"https:\/\/rostosolidario.pt\/wp-content\/uploads\/2025\/06\/Mulheres-e-vida_formacao-31-mai-01-jun-7-300x225.jpg\" class=\"attachment-medium size-medium\" alt=\"\" srcset=\"https:\/\/rostosolidario.pt\/wp-content\/uploads\/2025\/06\/Mulheres-e-vida_formacao-31-mai-01-jun-7-300x225.jpg 300w, https:\/\/rostosolidario.pt\/wp-content\/uploads\/2025\/06\/Mulheres-e-vida_formacao-31-mai-01-jun-7-1024x768.jpg 1024w, https:\/\/rostosolidario.pt\/wp-content\/uploads\/2025\/06\/Mulheres-e-vida_formacao-31-mai-01-jun-7-768x576.jpg 768w, https:\/\/rostosolidario.pt\/wp-content\/uploads\/2025\/06\/Mulheres-e-vida_formacao-31-mai-01-jun-7-1536x1152.jpg 1536w, https:\/\/rostosolidario.pt\/wp-content\/uploads\/2025\/06\/Mulheres-e-vida_formacao-31-mai-01-jun-7.jpg 1600w\" sizes=\"(max-width: 300px) 100vw, 300px\" \/><\/a>\n\t\t\t<\/dt><\/dl><dl class='gallery-item'>\n\t\t\t<dt class='gallery-icon landscape'>\n\t\t\t\t<a rel=\"prettyPhoto[flexslider]\" href='https:\/\/rostosolidario.pt\/wp-content\/uploads\/2025\/06\/Mulheres-e-vida_formacao-31-mai-01-jun-12.jpg'><img loading=\"lazy\" decoding=\"async\" width=\"300\" height=\"225\" src=\"https:\/\/rostosolidario.pt\/wp-content\/uploads\/2025\/06\/Mulheres-e-vida_formacao-31-mai-01-jun-12-300x225.jpg\" class=\"attachment-medium size-medium\" alt=\"\" srcset=\"https:\/\/rostosolidario.pt\/wp-content\/uploads\/2025\/06\/Mulheres-e-vida_formacao-31-mai-01-jun-12-300x225.jpg 300w, https:\/\/rostosolidario.pt\/wp-content\/uploads\/2025\/06\/Mulheres-e-vida_formacao-31-mai-01-jun-12-1024x768.jpg 1024w, https:\/\/rostosolidario.pt\/wp-content\/uploads\/2025\/06\/Mulheres-e-vida_formacao-31-mai-01-jun-12-768x576.jpg 768w, https:\/\/rostosolidario.pt\/wp-content\/uploads\/2025\/06\/Mulheres-e-vida_formacao-31-mai-01-jun-12-1536x1152.jpg 1536w, https:\/\/rostosolidario.pt\/wp-content\/uploads\/2025\/06\/Mulheres-e-vida_formacao-31-mai-01-jun-12.jpg 1600w\" sizes=\"(max-width: 300px) 100vw, 300px\" \/><\/a>\n\t\t\t<\/dt><\/dl><br style=\"clear: both\" \/><dl class='gallery-item'>\n\t\t\t<dt class='gallery-icon landscape'>\n\t\t\t\t<a rel=\"prettyPhoto[flexslider]\" href='https:\/\/rostosolidario.pt\/wp-content\/uploads\/2025\/06\/Mulheres-e-vida_formacao-31-mai-01-jun-13.jpg'><img loading=\"lazy\" decoding=\"async\" width=\"300\" height=\"225\" src=\"https:\/\/rostosolidario.pt\/wp-content\/uploads\/2025\/06\/Mulheres-e-vida_formacao-31-mai-01-jun-13-300x225.jpg\" class=\"attachment-medium size-medium\" alt=\"\" srcset=\"https:\/\/rostosolidario.pt\/wp-content\/uploads\/2025\/06\/Mulheres-e-vida_formacao-31-mai-01-jun-13-300x225.jpg 300w, https:\/\/rostosolidario.pt\/wp-content\/uploads\/2025\/06\/Mulheres-e-vida_formacao-31-mai-01-jun-13-1024x768.jpg 1024w, https:\/\/rostosolidario.pt\/wp-content\/uploads\/2025\/06\/Mulheres-e-vida_formacao-31-mai-01-jun-13-768x576.jpg 768w, https:\/\/rostosolidario.pt\/wp-content\/uploads\/2025\/06\/Mulheres-e-vida_formacao-31-mai-01-jun-13-1536x1152.jpg 1536w, https:\/\/rostosolidario.pt\/wp-content\/uploads\/2025\/06\/Mulheres-e-vida_formacao-31-mai-01-jun-13.jpg 1600w\" sizes=\"(max-width: 300px) 100vw, 300px\" \/><\/a>\n\t\t\t<\/dt><\/dl><dl class='gallery-item'>\n\t\t\t<dt class='gallery-icon landscape'>\n\t\t\t\t<a rel=\"prettyPhoto[flexslider]\" href='https:\/\/rostosolidario.pt\/wp-content\/uploads\/2025\/06\/Mulheres-e-vida_formacao-31-mai-01-jun-14.jpg'><img loading=\"lazy\" decoding=\"async\" width=\"300\" height=\"225\" src=\"https:\/\/rostosolidario.pt\/wp-content\/uploads\/2025\/06\/Mulheres-e-vida_formacao-31-mai-01-jun-14-300x225.jpg\" class=\"attachment-medium size-medium\" alt=\"\" srcset=\"https:\/\/rostosolidario.pt\/wp-content\/uploads\/2025\/06\/Mulheres-e-vida_formacao-31-mai-01-jun-14-300x225.jpg 300w, https:\/\/rostosolidario.pt\/wp-content\/uploads\/2025\/06\/Mulheres-e-vida_formacao-31-mai-01-jun-14-1024x768.jpg 1024w, https:\/\/rostosolidario.pt\/wp-content\/uploads\/2025\/06\/Mulheres-e-vida_formacao-31-mai-01-jun-14-768x576.jpg 768w, https:\/\/rostosolidario.pt\/wp-content\/uploads\/2025\/06\/Mulheres-e-vida_formacao-31-mai-01-jun-14-1536x1152.jpg 1536w, https:\/\/rostosolidario.pt\/wp-content\/uploads\/2025\/06\/Mulheres-e-vida_formacao-31-mai-01-jun-14.jpg 1600w\" sizes=\"(max-width: 300px) 100vw, 300px\" \/><\/a>\n\t\t\t<\/dt><\/dl><dl class='gallery-item'>\n\t\t\t<dt class='gallery-icon landscape'>\n\t\t\t\t<a rel=\"prettyPhoto[flexslider]\" href='https:\/\/rostosolidario.pt\/wp-content\/uploads\/2025\/06\/Mulheres-e-vida_formacao-31-mai-01-jun-17.jpg'><img loading=\"lazy\" decoding=\"async\" width=\"300\" height=\"225\" src=\"https:\/\/rostosolidario.pt\/wp-content\/uploads\/2025\/06\/Mulheres-e-vida_formacao-31-mai-01-jun-17-300x225.jpg\" class=\"attachment-medium size-medium\" alt=\"\" srcset=\"https:\/\/rostosolidario.pt\/wp-content\/uploads\/2025\/06\/Mulheres-e-vida_formacao-31-mai-01-jun-17-300x225.jpg 300w, https:\/\/rostosolidario.pt\/wp-content\/uploads\/2025\/06\/Mulheres-e-vida_formacao-31-mai-01-jun-17-1024x768.jpg 1024w, https:\/\/rostosolidario.pt\/wp-content\/uploads\/2025\/06\/Mulheres-e-vida_formacao-31-mai-01-jun-17-768x576.jpg 768w, https:\/\/rostosolidario.pt\/wp-content\/uploads\/2025\/06\/Mulheres-e-vida_formacao-31-mai-01-jun-17-1536x1152.jpg 1536w, https:\/\/rostosolidario.pt\/wp-content\/uploads\/2025\/06\/Mulheres-e-vida_formacao-31-mai-01-jun-17.jpg 2040w\" sizes=\"(max-width: 300px) 100vw, 300px\" \/><\/a>\n\t\t\t<\/dt><\/dl><br style=\"clear: both\" \/>\n\t\t<\/div>\n\n<\/div>\n<!-- AddThis Advanced Settings generic via filter on the_content --><!-- AddThis Share Buttons generic via filter on the_content -->","protected":false},"excerpt":{"rendered":"<p>The \u201cMulheres e Vida\u201d project focuses on the empowerment of Angolan women in the dioceses of Luanda, Viana, and Caxito, promoting both individual and community strengthening through capacity building and the creation of knowledge-sharing and replication networks. The project\u2019s first training session took place from May 30 to June 1<\/p>\n<p><a class=\"sd-more sd-all-trans\" href=\"https:\/\/rostosolidario.pt\/en\/mulheres-e-vida-training\/#more-16097\">Read More<\/a><\/p>\n<p><!-- AddThis Advanced Settings generic via filter on get_the_excerpt --><!-- AddThis Share Buttons generic via filter on get_the_excerpt --><\/p>\n","protected":false},"author":1,"featured_media":15637,"comment_status":"closed","ping_status":"open","sticky":false,"template":"","format":"standard","meta":{"footnotes":""},"categories":[98,99,100,102,103],"tags":[],"class_list":["post-16097","post","type-post","status-publish","format-standard","has-post-thumbnail","hentry","category-cidadania-global-en","category-desenvolvimento-sustentavel-en","category-educacao-en","category-juventude-en","category-solidariedade-en"],"_links":{"self":[{"href":"https:\/\/rostosolidario.pt\/en\/wp-json\/wp\/v2\/posts\/16097"}],"collection":[{"href":"https:\/\/rostosolidario.pt\/en\/wp-json\/wp\/v2\/posts"}],"about":[{"href":"https:\/\/rostosolidario.pt\/en\/wp-json\/wp\/v2\/types\/post"}],"author":[{"embeddable":true,"href":"https:\/\/rostosolidario.pt\/en\/wp-json\/wp\/v2\/users\/1"}],"replies":[{"embeddable":true,"href":"https:\/\/rostosolidario.pt\/en\/wp-json\/wp\/v2\/comments?post=16097"}],"version-history":[{"count":5,"href":"https:\/\/rostosolidario.pt\/en\/wp-json\/wp\/v2\/posts\/16097\/revisions"}],"predecessor-version":[{"id":16105,"href":"https:\/\/rostosolidario.pt\/en\/wp-json\/wp\/v2\/posts\/16097\/revisions\/16105"}],"wp:featuredmedia":[{"embeddable":true,"href":"https:\/\/rostosolidario.pt\/en\/wp-json\/wp\/v2\/media\/15637"}],"wp:attachment":[{"href":"https:\/\/rostosolidario.pt\/en\/wp-json\/wp\/v2\/media?parent=16097"}],"wp:term":[{"taxonomy":"category","embeddable":true,"href":"https:\/\/rostosolidario.pt\/en\/wp-json\/wp\/v2\/categories?post=16097"},{"taxonomy":"post_tag","embeddable":true,"href":"https:\/\/rostosolidario.pt\/en\/wp-json\/wp\/v2\/tags?post=16097"}],"curies":[{"name":"wp","href":"https:\/\/api.w.org\/{rel}","templated":true}]}}